{"id":13871,"date":"2025-09-08T13:46:30","date_gmt":"2025-09-08T11:46:30","guid":{"rendered":"https:\/\/hausarzt-emmerich.online\/?p=13871"},"modified":"2025-09-08T14:05:58","modified_gmt":"2025-09-08T12:05:58","slug":"schlafscreening","status":"publish","type":"post","link":"https:\/\/hausarzt-emmerich.online\/en\/schlafscreening\/","title":{"rendered":"Schlafscreening"},"content":{"rendered":"<div data-elementor-type=\"wp-post\" data-elementor-id=\"13871\" class=\"elementor elementor-13871\">\n\t\t\t\t        <section class=\"elementor-section elementor-top-section elementor-element elementor-element-b8be029 elementor-section-boxed elementor-section-height-default elementor-section-height-default pxl-row-scroll-none pxl-zoom-point-false pxl-section-overflow-visible pxl-section-fix-none pxl-bg-color-none pxl-section-overlay-none\" data-id=\"b8be029\" data-element_type=\"section\" data-e-type=\"section\">\n\n                \n                <div class=\"elementor-container elementor-column-gap-default\">\n                <div class=\"elementor-column elementor-col-33 elementor-top-column elementor-element elementor-element-dabcefa pxl-column-none pxl-column-overflow-hidden-no\" data-id=\"dabcefa\" data-element_type=\"column\" data-e-type=\"column\">\r\n        <div class=\"elementor-widget-wrap elementor-element-populated\">\r\n                     \r\n        \t\t<div class=\"elementor-element elementor-element-bcb2d20 elementor-widget elementor-widget-image\" data-id=\"bcb2d20\" data-element_type=\"widget\" data-e-type=\"widget\" data-widget_type=\"image.default\">\n\t\t\t\t<div class=\"elementor-widget-container\">\n\t\t\t\t\t\t\t\t\t\t\t\t\t\t\t<img fetchpriority=\"high\" decoding=\"async\" width=\"1024\" height=\"1024\" src=\"https:\/\/hausarzt-emmerich.online\/wp-content\/uploads\/2025\/09\/bed.jpg\" class=\"attachment-large size-large wp-image-13873\" alt=\"\" srcset=\"https:\/\/hausarzt-emmerich.online\/wp-content\/uploads\/2025\/09\/bed.jpg 1024w, https:\/\/hausarzt-emmerich.online\/wp-content\/uploads\/2025\/09\/bed-300x300.jpg 300w, https:\/\/hausarzt-emmerich.online\/wp-content\/uploads\/2025\/09\/bed-150x150.jpg 150w, https:\/\/hausarzt-emmerich.online\/wp-content\/uploads\/2025\/09\/bed-768x768.jpg 768w, https:\/\/hausarzt-emmerich.online\/wp-content\/uploads\/2025\/09\/bed-12x12.jpg 12w, https:\/\/hausarzt-emmerich.online\/wp-content\/uploads\/2025\/09\/bed-710x710.jpg 710w, https:\/\/hausarzt-emmerich.online\/wp-content\/uploads\/2025\/09\/bed-600x600.jpg 600w, https:\/\/hausarzt-emmerich.online\/wp-content\/uploads\/2025\/09\/bed-650x650.jpg 650w, https:\/\/hausarzt-emmerich.online\/wp-content\/uploads\/2025\/09\/bed-700x700.jpg 700w, https:\/\/hausarzt-emmerich.online\/wp-content\/uploads\/2025\/09\/bed-96x96.jpg 96w\" sizes=\"(max-width: 1024px) 100vw, 1024px\" \/>\t\t\t\t\t\t\t\t\t\t\t\t\t\t\t<\/div>\n\t\t\t\t<\/div>\n\t\t            <\/div>\r\n        <\/div>\r\n                <div class=\"elementor-column elementor-col-66 elementor-top-column elementor-element elementor-element-6aa4a4d pxl-column-none pxl-column-overflow-hidden-no\" data-id=\"6aa4a4d\" data-element_type=\"column\" data-e-type=\"column\">\r\n        <div class=\"elementor-widget-wrap elementor-element-populated\">\r\n                     \r\n        \t\t<div class=\"elementor-element elementor-element-ac51d50 elementor-widget elementor-widget-spacer\" data-id=\"ac51d50\" data-element_type=\"widget\" data-e-type=\"widget\" data-widget_type=\"spacer.default\">\n\t\t\t\t<div class=\"elementor-widget-container\">\n\t\t\t\t\t\t\t<div class=\"elementor-spacer\">\n\t\t\t<div class=\"elementor-spacer-inner\"><\/div>\n\t\t<\/div>\n\t\t\t\t\t\t<\/div>\n\t\t\t\t<\/div>\n\t\t\t\t<div class=\"elementor-element elementor-element-7d1d697 elementor-widget elementor-widget-heading\" data-id=\"7d1d697\" data-element_type=\"widget\" data-e-type=\"widget\" data-widget_type=\"heading.default\">\n\t\t\t\t<div class=\"elementor-widget-container\">\n\t\t\t\t\t<h3 class=\"elementor-heading-title elementor-size-default\">Schlafscreening in Emmerich \u2013 HausaArztPraxis am Vital.<\/h3>\t\t\t\t<\/div>\n\t\t\t\t<\/div>\n\t\t\t\t<div class=\"elementor-element elementor-element-44b6f09 elementor-widget elementor-widget-text-editor\" data-id=\"44b6f09\" data-element_type=\"widget\" data-e-type=\"widget\" data-widget_type=\"text-editor.default\">\n\t\t\t\t<div class=\"elementor-widget-container\">\n\t\t\t\t\t\t\t\t\t<p><span style=\"color: #999999;\">Viele Menschen leiden unter nicht erholsamem Schlaf, Schnarchen oder Tagesm\u00fcdigkeit. Oft steckt eine Schlafapnoe oder eine andere schlafbezogene Atmungsst\u00f6rung dahinter.<\/span><\/p>\t\t\t\t\t\t\t\t<\/div>\n\t\t\t\t<\/div>\n\t\t            <\/div>\r\n        <\/div>\r\n        \t\t\t<\/div>\n\t\t<\/section>\n\t\t        <section class=\"elementor-section elementor-top-section elementor-element elementor-element-dd356dd elementor-section-boxed elementor-section-height-default elementor-section-height-default pxl-row-scroll-none pxl-zoom-point-false pxl-section-overflow-visible pxl-section-fix-none pxl-bg-color-none pxl-section-overlay-none\" data-id=\"dd356dd\" data-element_type=\"section\" data-e-type=\"section\">\n\n                \n                <div class=\"elementor-container elementor-column-gap-default\">\n                <div class=\"elementor-column elementor-col-100 elementor-top-column elementor-element elementor-element-9f474d9 pxl-column-none pxl-column-overflow-hidden-no\" data-id=\"9f474d9\" data-element_type=\"column\" data-e-type=\"column\">\r\n        <div class=\"elementor-widget-wrap elementor-element-populated\">\r\n                     \r\n        \t\t<div class=\"elementor-element elementor-element-2e76ca9 elementor-widget elementor-widget-text-editor\" data-id=\"2e76ca9\" data-element_type=\"widget\" data-e-type=\"widget\" data-widget_type=\"text-editor.default\">\n\t\t\t\t<div class=\"elementor-widget-container\">\n\t\t\t\t\t\t\t\t\t<p><em><span style=\"color: #b3b3b3;\"><strong data-start=\"1689\" data-end=\"1724\">Haftungsausschluss \/ Disclaimer<\/strong><\/span><\/em><br data-start=\"1724\" data-end=\"1727\" \/><em><span style=\"color: #b3b3b3;\">Die Inhalte auf diesem Blog dienen ausschlie\u00dflich allgemeinen Informations- und Bildungszwecken und stellen keine individuelle medizinische Beratung dar. Sie ersetzen weder eine pers\u00f6nliche Untersuchung noch eine Beratung durch eine \u00c4rztin oder einen Arzt oder andere medizinische Fachkr\u00e4fte.<\/span><\/em><\/p><p data-start=\"2461\" data-end=\"2641\"><em><span style=\"color: #b3b3b3;\">Alle Inhalte, Texte, Grafiken und Bilder sind urheberrechtlich gesch\u00fctzt. Jede Vervielf\u00e4ltigung, Bearbeitung oder kommerzielle Nutzung ist ohne schriftliche Zustimmung untersagt.<\/span><\/em><\/p><p data-start=\"2647\" data-end=\"2801\"><em><span style=\"color: #b3b3b3;\">Die auf diesem Blog ge\u00e4u\u00dferten Meinungen spiegeln ausschlie\u00dflich die Ansichten des Autors wider und sind nicht als verbindliche Empfehlungen zu verstehen.<\/span><\/em><\/p>\t\t\t\t\t\t\t\t<\/div>\n\t\t\t\t<\/div>\n\t\t            <\/div>\r\n        <\/div>\r\n        \t\t\t<\/div>\n\t\t<\/section>\n\t\t        <section class=\"elementor-section elementor-top-section elementor-element elementor-element-8393b6d elementor-section-boxed elementor-section-height-default elementor-section-height-default pxl-row-scroll-none pxl-zoom-point-false pxl-section-overflow-visible pxl-section-fix-none pxl-bg-color-none pxl-section-overlay-none\" data-id=\"8393b6d\" data-element_type=\"section\" data-e-type=\"section\">\n\n                \n                <div class=\"elementor-container elementor-column-gap-default\">\n                <div class=\"elementor-column elementor-col-100 elementor-top-column elementor-element elementor-element-516114f pxl-column-none pxl-column-overflow-hidden-no\" data-id=\"516114f\" data-element_type=\"column\" data-e-type=\"column\">\r\n        <div class=\"elementor-widget-wrap elementor-element-populated\">\r\n                     \r\n        \t\t<div class=\"elementor-element elementor-element-4c3e68a elementor-widget elementor-widget-heading\" data-id=\"4c3e68a\" data-element_type=\"widget\" data-e-type=\"widget\" data-widget_type=\"heading.default\">\n\t\t\t\t<div class=\"elementor-widget-container\">\n\t\t\t\t\t<h5 class=\"elementor-heading-title elementor-size-default\">Was ist ein Schlafscreening?<\/h5>\t\t\t\t<\/div>\n\t\t\t\t<\/div>\n\t\t\t\t<div class=\"elementor-element elementor-element-a86501f elementor-widget elementor-widget-spacer\" data-id=\"a86501f\" data-element_type=\"widget\" data-e-type=\"widget\" data-widget_type=\"spacer.default\">\n\t\t\t\t<div class=\"elementor-widget-container\">\n\t\t\t\t\t\t\t<div class=\"elementor-spacer\">\n\t\t\t<div class=\"elementor-spacer-inner\"><\/div>\n\t\t<\/div>\n\t\t\t\t\t\t<\/div>\n\t\t\t\t<\/div>\n\t\t\t\t<div class=\"elementor-element elementor-element-7ea60b1 elementor-widget-laptop__width-initial elementor-widget elementor-widget-text-editor\" data-id=\"7ea60b1\" data-element_type=\"widget\" data-e-type=\"widget\" data-widget_type=\"text-editor.default\">\n\t\t\t\t<div class=\"elementor-widget-container\">\n\t\t\t\t\t\t\t\t\t<p>Ein Schlafscreening ist eine nicht-invasive Untersuchung, die zu Hause durchgef\u00fchrt wird. Mithilfe eines kleinen, tragbaren Messger\u00e4tes werden w\u00e4hrend des Schlafs wichtige Parameter aufgezeichnet, darunter:<\/p><p>Atembewegungen und Atemfluss<br \/>Sauerstoffs\u00e4ttigung im Blut<br \/>Herzfrequenz<\/p><p>\u00a0<\/p><p><strong>Wie l\u00e4uft die Untersuchung ab?<\/strong><\/p><p>Die Untersuchung erfolgt in Ihrer gewohnten Schlafumgebung, wodurch die Ergebnisse besonders zuverl\u00e4ssig sind.\u00a0<\/p><p>Ausgabe des Ger\u00e4ts in der Praxis mit kurzer Einweisung<br \/>Messung \u00fcber eine Nacht zu Hause.<br \/>R\u00fcckgabe und Auswertung der Daten in unserer Praxis.<br \/>Besprechung der Ergebnisse.<\/p><p>\u00a0<\/p><p><strong>Wann ist ein Schlafscreening sinnvoll?<\/strong><\/p><p>\u00a0<\/p><p>Ein Schlafscreening wird empfohlen bei:<br \/>ausgepr\u00e4gtem Schnarchen oder beobachteten Atempausen<br \/>anhaltender Tagesm\u00fcdigkeit oder Sekundenschlaf<br \/>bestehenden Herz-Kreislauf-Erkrankungen (z. B. Bluthochdruck, Herzrhythmusst\u00f6rungen)<br \/>\u00dcbergewicht oder metabolischem Syndrom.<\/p><p>\u00a0<\/p><p><strong>Therapie in unserer Praxis.<\/strong><\/p><p>In rund 90 Prozent der F\u00e4lle k\u00f6nnen wir die notwendige Therapie direkt in unserer Hausarztpraxis einleiten. Nur in speziellen Situationen ist eine weiterf\u00fchrende Untersuchung im Schlaflabor erforderlich.<\/p><p>\u00a0<\/p><p>\u00a0<\/p><p>\u00a0<\/p>\t\t\t\t\t\t\t\t<\/div>\n\t\t\t\t<\/div>\n\t\t            <\/div>\r\n        <\/div>\r\n        \t\t\t<\/div>\n\t\t<\/section>\n\t\t\t\t<\/div>","protected":false},"excerpt":{"rendered":"<p>Schlafscreening in Emmerich \u2013 HausaArztPraxis am Vital. Viele Menschen leiden unter nicht erholsamem Schlaf, Schnarchen oder Tagesm\u00fcdigkeit. Oft steckt eine Schlafapnoe oder eine andere schlafbezogene Atmungsst\u00f6rung dahinter. Haftungsausschluss \/ DisclaimerDie Inhalte auf diesem Blog dienen ausschlie\u00dflich allgemeinen Informations- und Bildungszwecken und stellen keine individuelle medizinische Beratung dar. Sie ersetzen weder eine pers\u00f6nliche Untersuchung noch eine [&hellip;]<\/p>\n","protected":false},"author":1,"featured_media":13873,"comment_status":"open","ping_status":"closed","sticky":false,"template":"","format":"standard","meta":{"footnotes":""},"categories":[3],"tags":[],"class_list":["post-13871","post","type-post","status-publish","format-standard","has-post-thumbnail","hentry","category-lunge-schlaf"],"_links":{"self":[{"href":"https:\/\/hausarzt-emmerich.online\/en\/wp-json\/wp\/v2\/posts\/13871","targetHints":{"allow":["GET"]}}],"collection":[{"href":"https:\/\/hausarzt-emmerich.online\/en\/wp-json\/wp\/v2\/posts"}],"about":[{"href":"https:\/\/hausarzt-emmerich.online\/en\/wp-json\/wp\/v2\/types\/post"}],"author":[{"embeddable":true,"href":"https:\/\/hausarzt-emmerich.online\/en\/wp-json\/wp\/v2\/users\/1"}],"replies":[{"embeddable":true,"href":"https:\/\/hausarzt-emmerich.online\/en\/wp-json\/wp\/v2\/comments?post=13871"}],"version-history":[{"count":16,"href":"https:\/\/hausarzt-emmerich.online\/en\/wp-json\/wp\/v2\/posts\/13871\/revisions"}],"predecessor-version":[{"id":13889,"href":"https:\/\/hausarzt-emmerich.online\/en\/wp-json\/wp\/v2\/posts\/13871\/revisions\/13889"}],"wp:featuredmedia":[{"embeddable":true,"href":"https:\/\/hausarzt-emmerich.online\/en\/wp-json\/wp\/v2\/media\/13873"}],"wp:attachment":[{"href":"https:\/\/hausarzt-emmerich.online\/en\/wp-json\/wp\/v2\/media?parent=13871"}],"wp:term":[{"taxonomy":"category","embeddable":true,"href":"https:\/\/hausarzt-emmerich.online\/en\/wp-json\/wp\/v2\/categories?post=13871"},{"taxonomy":"post_tag","embeddable":true,"href":"https:\/\/hausarzt-emmerich.online\/en\/wp-json\/wp\/v2\/tags?post=13871"}],"curies":[{"name":"wp","href":"https:\/\/api.w.org\/{rel}","templated":true}]}}