{"id":13890,"date":"2025-09-08T14:11:43","date_gmt":"2025-09-08T12:11:43","guid":{"rendered":"https:\/\/hausarzt-emmerich.online\/?p=13890"},"modified":"2025-09-08T14:20:47","modified_gmt":"2025-09-08T12:20:47","slug":"executive-health-check","status":"publish","type":"post","link":"https:\/\/hausarzt-emmerich.online\/en\/executive-health-check\/","title":{"rendered":"Executive Health Check"},"content":{"rendered":"<div data-elementor-type=\"wp-post\" data-elementor-id=\"13890\" class=\"elementor elementor-13890\">\n\t\t\t\t        <section class=\"elementor-section elementor-top-section elementor-element elementor-element-b8be029 elementor-section-boxed elementor-section-height-default elementor-section-height-default pxl-row-scroll-none pxl-zoom-point-false pxl-section-overflow-visible pxl-section-fix-none pxl-bg-color-none pxl-section-overlay-none\" data-id=\"b8be029\" data-element_type=\"section\" data-e-type=\"section\">\n\n                \n                <div class=\"elementor-container elementor-column-gap-default\">\n                <div class=\"elementor-column elementor-col-33 elementor-top-column elementor-element elementor-element-dabcefa pxl-column-none pxl-column-overflow-hidden-no\" data-id=\"dabcefa\" data-element_type=\"column\" data-e-type=\"column\">\r\n        <div class=\"elementor-widget-wrap elementor-element-populated\">\r\n                     \r\n        \t\t<div class=\"elementor-element elementor-element-bcb2d20 elementor-widget elementor-widget-image\" data-id=\"bcb2d20\" data-element_type=\"widget\" data-e-type=\"widget\" data-widget_type=\"image.default\">\n\t\t\t\t<div class=\"elementor-widget-container\">\n\t\t\t\t\t\t\t\t\t\t\t\t\t\t\t<img fetchpriority=\"high\" decoding=\"async\" width=\"1024\" height=\"1024\" src=\"https:\/\/hausarzt-emmerich.online\/wp-content\/uploads\/2025\/09\/checki-1.jpg\" class=\"attachment-large size-large wp-image-13893\" alt=\"\" srcset=\"https:\/\/hausarzt-emmerich.online\/wp-content\/uploads\/2025\/09\/checki-1.jpg 1024w, https:\/\/hausarzt-emmerich.online\/wp-content\/uploads\/2025\/09\/checki-1-300x300.jpg 300w, https:\/\/hausarzt-emmerich.online\/wp-content\/uploads\/2025\/09\/checki-1-150x150.jpg 150w, https:\/\/hausarzt-emmerich.online\/wp-content\/uploads\/2025\/09\/checki-1-768x768.jpg 768w, https:\/\/hausarzt-emmerich.online\/wp-content\/uploads\/2025\/09\/checki-1-12x12.jpg 12w, https:\/\/hausarzt-emmerich.online\/wp-content\/uploads\/2025\/09\/checki-1-710x710.jpg 710w, https:\/\/hausarzt-emmerich.online\/wp-content\/uploads\/2025\/09\/checki-1-600x600.jpg 600w, https:\/\/hausarzt-emmerich.online\/wp-content\/uploads\/2025\/09\/checki-1-650x650.jpg 650w, https:\/\/hausarzt-emmerich.online\/wp-content\/uploads\/2025\/09\/checki-1-700x700.jpg 700w, https:\/\/hausarzt-emmerich.online\/wp-content\/uploads\/2025\/09\/checki-1-96x96.jpg 96w\" sizes=\"(max-width: 1024px) 100vw, 1024px\" \/>\t\t\t\t\t\t\t\t\t\t\t\t\t\t\t<\/div>\n\t\t\t\t<\/div>\n\t\t            <\/div>\r\n        <\/div>\r\n                <div class=\"elementor-column elementor-col-66 elementor-top-column elementor-element elementor-element-6aa4a4d pxl-column-none pxl-column-overflow-hidden-no\" data-id=\"6aa4a4d\" data-element_type=\"column\" data-e-type=\"column\">\r\n        <div class=\"elementor-widget-wrap elementor-element-populated\">\r\n                     \r\n        \t\t<div class=\"elementor-element elementor-element-ac51d50 elementor-widget elementor-widget-spacer\" data-id=\"ac51d50\" data-element_type=\"widget\" data-e-type=\"widget\" data-widget_type=\"spacer.default\">\n\t\t\t\t<div class=\"elementor-widget-container\">\n\t\t\t\t\t\t\t<div class=\"elementor-spacer\">\n\t\t\t<div class=\"elementor-spacer-inner\"><\/div>\n\t\t<\/div>\n\t\t\t\t\t\t<\/div>\n\t\t\t\t<\/div>\n\t\t\t\t<div class=\"elementor-element elementor-element-7d1d697 elementor-widget elementor-widget-heading\" data-id=\"7d1d697\" data-element_type=\"widget\" data-e-type=\"widget\" data-widget_type=\"heading.default\">\n\t\t\t\t<div class=\"elementor-widget-container\">\n\t\t\t\t\t<h3 class=\"elementor-heading-title elementor-size-default\">Exklusive Vorsorge f\u00fcr F\u00fchrungskr\u00e4fte &amp; Selbstst\u00e4ndige<\/h3>\t\t\t\t<\/div>\n\t\t\t\t<\/div>\n\t\t\t\t<div class=\"elementor-element elementor-element-44b6f09 elementor-widget elementor-widget-text-editor\" data-id=\"44b6f09\" data-element_type=\"widget\" data-e-type=\"widget\" data-widget_type=\"text-editor.default\">\n\t\t\t\t<div class=\"elementor-widget-container\">\n\t\t\t\t\t\t\t\t\t<p>Gerade f\u00fcr Menschen in leitenden Positionen \u2013 Manager:innen, Unternehmer:innen, \u00c4rzt:innen oder Selbstst\u00e4ndige \u2013 ist die Gesundheit die wichtigste Ressource. Stress, lange Arbeitstage, Schlafmangel und unregelm\u00e4\u00dfige Ern\u00e4hrung k\u00f6nnen unbemerkt das Risiko f\u00fcr Herz-Kreislauf-Erkrankungen oder Burn-out erh\u00f6hen.<\/p>\t\t\t\t\t\t\t\t<\/div>\n\t\t\t\t<\/div>\n\t\t            <\/div>\r\n        <\/div>\r\n        \t\t\t<\/div>\n\t\t<\/section>\n\t\t        <section class=\"elementor-section elementor-top-section elementor-element elementor-element-dd356dd elementor-section-boxed elementor-section-height-default elementor-section-height-default pxl-row-scroll-none pxl-zoom-point-false pxl-section-overflow-visible pxl-section-fix-none pxl-bg-color-none pxl-section-overlay-none\" data-id=\"dd356dd\" data-element_type=\"section\" data-e-type=\"section\">\n\n                \n                <div class=\"elementor-container elementor-column-gap-default\">\n                <div class=\"elementor-column elementor-col-100 elementor-top-column elementor-element elementor-element-9f474d9 pxl-column-none pxl-column-overflow-hidden-no\" data-id=\"9f474d9\" data-element_type=\"column\" data-e-type=\"column\">\r\n        <div class=\"elementor-widget-wrap elementor-element-populated\">\r\n                     \r\n        \t\t<div class=\"elementor-element elementor-element-2e76ca9 elementor-widget elementor-widget-text-editor\" data-id=\"2e76ca9\" data-element_type=\"widget\" data-e-type=\"widget\" data-widget_type=\"text-editor.default\">\n\t\t\t\t<div class=\"elementor-widget-container\">\n\t\t\t\t\t\t\t\t\t<p><em><span style=\"color: #b3b3b3;\"><strong data-start=\"1689\" data-end=\"1724\">Haftungsausschluss \/ Disclaimer<\/strong><\/span><\/em><br data-start=\"1724\" data-end=\"1727\" \/><em><span style=\"color: #b3b3b3;\">Die Inhalte auf diesem Blog dienen ausschlie\u00dflich allgemeinen Informations- und Bildungszwecken und stellen keine individuelle medizinische Beratung dar. Sie ersetzen weder eine pers\u00f6nliche Untersuchung noch eine Beratung durch eine \u00c4rztin oder einen Arzt oder andere medizinische Fachkr\u00e4fte.<\/span><\/em><\/p><p data-start=\"2461\" data-end=\"2641\"><em><span style=\"color: #b3b3b3;\">Alle Inhalte, Texte, Grafiken und Bilder sind urheberrechtlich gesch\u00fctzt. Jede Vervielf\u00e4ltigung, Bearbeitung oder kommerzielle Nutzung ist ohne schriftliche Zustimmung untersagt.<\/span><\/em><\/p><p data-start=\"2647\" data-end=\"2801\"><em><span style=\"color: #b3b3b3;\">Die auf diesem Blog ge\u00e4u\u00dferten Meinungen spiegeln ausschlie\u00dflich die Ansichten des Autors wider und sind nicht als verbindliche Empfehlungen zu verstehen.<\/span><\/em><\/p>\t\t\t\t\t\t\t\t<\/div>\n\t\t\t\t<\/div>\n\t\t            <\/div>\r\n        <\/div>\r\n        \t\t\t<\/div>\n\t\t<\/section>\n\t\t        <section class=\"elementor-section elementor-top-section elementor-element elementor-element-8393b6d elementor-section-boxed elementor-section-height-default elementor-section-height-default pxl-row-scroll-none pxl-zoom-point-false pxl-section-overflow-visible pxl-section-fix-none pxl-bg-color-none pxl-section-overlay-none\" data-id=\"8393b6d\" data-element_type=\"section\" data-e-type=\"section\">\n\n                \n                <div class=\"elementor-container elementor-column-gap-default\">\n                <div class=\"elementor-column elementor-col-100 elementor-top-column elementor-element elementor-element-516114f pxl-column-none pxl-column-overflow-hidden-no\" data-id=\"516114f\" data-element_type=\"column\" data-e-type=\"column\">\r\n        <div class=\"elementor-widget-wrap elementor-element-populated\">\r\n                     \r\n        \t\t<div class=\"elementor-element elementor-element-4c3e68a elementor-widget elementor-widget-heading\" data-id=\"4c3e68a\" data-element_type=\"widget\" data-e-type=\"widget\" data-widget_type=\"heading.default\">\n\t\t\t\t<div class=\"elementor-widget-container\">\n\t\t\t\t\t<h5 class=\"elementor-heading-title elementor-size-default\">Executive Health Check<\/h5>\t\t\t\t<\/div>\n\t\t\t\t<\/div>\n\t\t\t\t<div class=\"elementor-element elementor-element-a86501f elementor-widget elementor-widget-spacer\" data-id=\"a86501f\" data-element_type=\"widget\" data-e-type=\"widget\" data-widget_type=\"spacer.default\">\n\t\t\t\t<div class=\"elementor-widget-container\">\n\t\t\t\t\t\t\t<div class=\"elementor-spacer\">\n\t\t\t<div class=\"elementor-spacer-inner\"><\/div>\n\t\t<\/div>\n\t\t\t\t\t\t<\/div>\n\t\t\t\t<\/div>\n\t\t\t\t<div class=\"elementor-element elementor-element-7ea60b1 elementor-widget-laptop__width-initial elementor-widget elementor-widget-text-editor\" data-id=\"7ea60b1\" data-element_type=\"widget\" data-e-type=\"widget\" data-widget_type=\"text-editor.default\">\n\t\t\t\t<div class=\"elementor-widget-container\">\n\t\t\t\t\t\t\t\t\t<p>Mit dem Executive Health Check in der Hausarztpraxis am Vital in Emmerich bieten wir Ihnen ein ma\u00dfgeschneidertes Vorsorgeprogramm. Unser Ziel: Risiken rechtzeitig erkennen, Leistungsf\u00e4higkeit erhalten und Ihre Gesundheit langfristig sch\u00fctzen.<\/p><p><br \/><strong>Ihre Vorteile auf einen Blick:<\/strong><\/p><p>Umfassende Gesundheitsanalyse in kurzer Zeit.<br \/>Individuelle Vorsorge, abgestimmt auf Ihre pers\u00f6nliche Lebenssituation.<br \/>Fr\u00fcherkennung von Herz-, Stoffwechsel- und Gef\u00e4\u00dferkrankungen.<br \/>Stress- und Schlafdiagnostik mit modernsten Methoden.<br \/>Konkrete Empfehlungen f\u00fcr Ern\u00e4hrung, Bewegung und Regeneration.<\/p><p>\u00a0<\/p><p><strong>Untersuchungsbausteine (individuell kombinierbar).<\/strong><\/p><p>\u00a0<\/p><p>\u2764\ufe0f Herz &amp; Kreislauf<br \/>Ruhe- und Belastungs-EKG<br \/>Langzeit-EKG (24\u201372 Stunden) zur Erkennung von Herzrhythmusst\u00f6rungen<br \/>Blutdruckprofil<br \/>Herz- und Gef\u00e4\u00dfultraschall<br \/>\ud83e\uddea Stoffwechsel &amp; Blutwerte<br \/>Laboruntersuchungen: Leber, Nieren, Zucker, Cholesterin, Vitamine, Hormone<br \/>Analyse individueller Risikofaktoren<\/p><p><br \/>\ud83e\udde0 Stressprofil &amp; Schlaf<br \/>Burn-out-Screening, Cortisol-Check<br \/>Schlafanalyse zur Erfassung von Schlafqualit\u00e4t und m\u00f6glicher Schlafapnoe<br \/>Beratung zur Stressbew\u00e4ltigung und mentaler St\u00e4rke<\/p><p><br \/>\ud83d\udd0e Vorsorge &amp; Pr\u00e4vention<br \/>Ultraschall der Bauchorgane und Schilddr\u00fcse<br \/>Carotis-Ultraschall (Schlaganfallpr\u00e4vention)<br \/>Individuelle Ern\u00e4hrungs- und Lebensstilberatung<\/p><p>\u00a0<\/p><p><strong>F\u00fcr wen ist der Executive Health Check geeignet?<\/strong><\/p><p>Gesch\u00e4ftsf\u00fchrer:innen &amp; F\u00fchrungskr\u00e4fte<br \/>Unternehmer:innen &amp; Selbstst\u00e4ndige<br \/>Menschen mit hoher Verantwortung, die ihre Gesundheit aktiv sch\u00fctzen m\u00f6chten<\/p><p>\u00a0<\/p><p>\u00a0<\/p>\t\t\t\t\t\t\t\t<\/div>\n\t\t\t\t<\/div>\n\t\t            <\/div>\r\n        <\/div>\r\n        \t\t\t<\/div>\n\t\t<\/section>\n\t\t\t\t<\/div>","protected":false},"excerpt":{"rendered":"<p>Exklusive Vorsorge f\u00fcr F\u00fchrungskr\u00e4fte &amp; Selbstst\u00e4ndige Gerade f\u00fcr Menschen in leitenden Positionen \u2013 Manager:innen, Unternehmer:innen, \u00c4rzt:innen oder Selbstst\u00e4ndige \u2013 ist die Gesundheit die wichtigste Ressource. Stress, lange Arbeitstage, Schlafmangel und unregelm\u00e4\u00dfige Ern\u00e4hrung k\u00f6nnen unbemerkt das Risiko f\u00fcr Herz-Kreislauf-Erkrankungen oder Burn-out erh\u00f6hen. Haftungsausschluss \/ DisclaimerDie Inhalte auf diesem Blog dienen ausschlie\u00dflich allgemeinen Informations- und Bildungszwecken und [&hellip;]<\/p>\n","protected":false},"author":1,"featured_media":13892,"comment_status":"open","ping_status":"closed","sticky":false,"template":"","format":"standard","meta":{"footnotes":""},"categories":[4],"tags":[],"class_list":["post-13890","post","type-post","status-publish","format-standard","has-post-thumbnail","hentry","category-vorsorge-praevention"],"_links":{"self":[{"href":"https:\/\/hausarzt-emmerich.online\/en\/wp-json\/wp\/v2\/posts\/13890","targetHints":{"allow":["GET"]}}],"collection":[{"href":"https:\/\/hausarzt-emmerich.online\/en\/wp-json\/wp\/v2\/posts"}],"about":[{"href":"https:\/\/hausarzt-emmerich.online\/en\/wp-json\/wp\/v2\/types\/post"}],"author":[{"embeddable":true,"href":"https:\/\/hausarzt-emmerich.online\/en\/wp-json\/wp\/v2\/users\/1"}],"replies":[{"embeddable":true,"href":"https:\/\/hausarzt-emmerich.online\/en\/wp-json\/wp\/v2\/comments?post=13890"}],"version-history":[{"count":13,"href":"https:\/\/hausarzt-emmerich.online\/en\/wp-json\/wp\/v2\/posts\/13890\/revisions"}],"predecessor-version":[{"id":13905,"href":"https:\/\/hausarzt-emmerich.online\/en\/wp-json\/wp\/v2\/posts\/13890\/revisions\/13905"}],"wp:featuredmedia":[{"embeddable":true,"href":"https:\/\/hausarzt-emmerich.online\/en\/wp-json\/wp\/v2\/media\/13892"}],"wp:attachment":[{"href":"https:\/\/hausarzt-emmerich.online\/en\/wp-json\/wp\/v2\/media?parent=13890"}],"wp:term":[{"taxonomy":"category","embeddable":true,"href":"https:\/\/hausarzt-emmerich.online\/en\/wp-json\/wp\/v2\/categories?post=13890"},{"taxonomy":"post_tag","embeddable":true,"href":"https:\/\/hausarzt-emmerich.online\/en\/wp-json\/wp\/v2\/tags?post=13890"}],"curies":[{"name":"wp","href":"https:\/\/api.w.org\/{rel}","templated":true}]}}